{"id":1167,"date":"2016-07-13T18:29:03","date_gmt":"2016-07-13T18:29:03","guid":{"rendered":"http:\/\/www.delphos.nu\/?p=1167"},"modified":"2016-07-13T18:29:03","modified_gmt":"2016-07-13T18:29:03","slug":"y-en-el-estado-de-mexico-la-apuesta-es-por","status":"publish","type":"post","link":"https:\/\/delphos.nu\/site\/y-en-el-estado-de-mexico-la-apuesta-es-por\/","title":{"rendered":"Y en el Estado de M\u00e9xico la apuesta es por\u2026"},"content":{"rendered":"<h1 style=\"text-align: center;\"><strong>Y en el Estado de M\u00e9xico la apuesta es por\u2026<\/strong><\/h1>\n<p style=\"text-align: justify;\">En la entrega anterior se dio cuenta de algunos aspectos que envuelven la pr\u00f3xima elecci\u00f3n a gobernador del Estado de M\u00e9xico,<a href=\"#_ftn1\" name=\"_ftnref1\">[1]<\/a> sobre todo tomando en cuenta el contexto de las pasadas elecciones a gobernador en los estados, as\u00ed como la aprobaci\u00f3n que en su estado tienen Enrique Pe\u00f1a Nieto y Eruviel \u00c1vila Villegas. Esta vez toca revisar el contexto bajo el cual se dar\u00e1 la selecci\u00f3n de candidatos, as\u00ed como algunos escenarios para los partidos.<\/p>\n<h3 style=\"text-align: center;\"><strong>La nominaci\u00f3n en el PRI<\/strong><\/h3>\n<p style=\"text-align: justify;\">Despu\u00e9s de haber perdido la elecci\u00f3n presidencial en el a\u00f1o 2000, el PRI se encontr\u00f3 sin su jefe pol\u00edtico natural. Por primera vez la disciplina partidista, dictada en buena medida por el Presidente, fue algo incierto para el viejo partido. Sin embargo, este encontr\u00f3 en sus gobernadores y estructura territorial el soporte que 12 a\u00f1os m\u00e1s tarde lo traer\u00eda de vuelta a la presidencia del pa\u00eds, el PRI sigui\u00f3 gobernando la mayor\u00eda de los estados y municipios en los dos sexenios panistas, no sin antes pasar por uno de sus peores resultados en la elecci\u00f3n presidencial de 2006.<\/p>\n<p style=\"text-align: justify;\">No es casualidad que haya sido un gobernador qui\u00e9n haya ganado la nominaci\u00f3n para competir por la Presidencia dentro del viejo partido en el 2012. Al concluir su gesti\u00f3n como gobernador del Estado de M\u00e9xico, Pe\u00f1a Nieto era la figura mejor posicionada para competir por la Presidencia dentro del PRI. En ese entonces el virtual candidato se enfrent\u00f3 a la misma disyuntiva en el Estado de M\u00e9xico: la selecci\u00f3n del candidato a gobernador.<\/p>\n<p style=\"text-align: justify;\">A diferencia de hoy, en el 2011 el PRI no estaba en el gobierno y, para entonces, la decisi\u00f3n del candidato tuvo que basarse en un consenso entre los principales grupos pol\u00edticos de la entidad. Si bien es cierto que Pe\u00f1a era la cabeza m\u00e1s visible del partido, tampoco pose\u00eda un poder como el que hoy detenta, de ah\u00ed que Alfredo del Mazo Maza el personaje m\u00e1s predecible y formado, al igual que Pe\u00f1a, en el Valle de Toluca (Toluca, Metepec, Lerma y Atlacomulco) quedara fuera de la nominaci\u00f3n para dar Paso a Eruviel \u00c1vila, oriundo de Ecatepec. <a href=\"#_ftn1\" name=\"_ftnref1\">[2]<\/a><\/p>\n<p style=\"text-align: justify;\">Los papeles hoy son distintos pero el escenario es m\u00e1s grande y los actores son m\u00e1s. Pe\u00f1a Nieto es Presidente y su capacidad para seleccionar al pr\u00f3ximo candidato es mayor que hace seis a\u00f1os. Eruviel \u00c1vila, que tiene a su favor la capacidad de operar dentro del estado, se cuenta como un aspirante dentro del partido para competir por la presidencia en el 2018, aunque a diferencia de entonces no coquetea con abanderar una alianza entre el PRD y el PAN.<a href=\"#_ftn2\" name=\"_ftnref2\">[3]<\/a><\/p>\n<p style=\"text-align: justify;\">Al momento de escribir estas l\u00edneas Enrique Ochoa Reza extitular de la Comisi\u00f3n Federal de Electricidad (CFE), hombre cercano a Luis Videgaray, protestaba el cargo de Presidente Nacional del PRI. Con esto se confirma que la selecci\u00f3n de candidatos a gobernador en los estados quedar\u00e1 bajo la directriz que dicte el Presidente Pe\u00f1a, en detrimento de los gobernadores y otros grupos pol\u00edticos dentro del partido.<a href=\"#_ftn3\" name=\"_ftnref3\">[4]<\/a> Esto repercute principalmente en el Estado de M\u00e9xico, pues adem\u00e1s de la cercan\u00eda pol\u00edtica con el Presidente y actores clave del gabinete federal, Toluca se encuentra a menos de una hora de distancia del centro pol\u00edtico del pa\u00eds, cercan\u00eda que no comparten Coahuila y Nayarit.<\/p>\n<h2 style=\"text-align: center;\">Los nombres<\/h2>\n<p style=\"text-align: justify;\">El perfil del nuevo Presidente del partido podr\u00eda dar una idea del tipo de candidato que Pe\u00f1a apoyar\u00eda para gobernador, aunque la decantaci\u00f3n por \u00c1vila en la pasada elecci\u00f3n muestra su pragmatismo. En este sentido, el grado de conocimiento y aceptaci\u00f3n de cada uno de los aspirantes ser\u00e1 su mejor carta a jugar para obtener la nominaci\u00f3n.<\/p>\n<p style=\"text-align: justify;\">En la medici\u00f3n Delphos a nivel estatal Alfredo del Mazo Maza, primo del Presidente y actual Diputado Federal, es la figura pol\u00edtica del PRI m\u00e1s conocida entre la poblaci\u00f3n del Estado de M\u00e9xico con un 30%; seguido por Alfonso Navarrete Prida, Secretario del Trabajo, 27.9%, el Presidente del PRI estatal, Carlos Iriarte, 27.1%; Analilia Herrera, exsenadora y actual Secretar\u00eda de Educaci\u00f3n en la entidad, 21.3%; Carolina Monroy del Mazo, con 21.2%; Jos\u00e9 Manzur, Secretario de Gobierno del estado y Ernesto Nemer, titular de PROFECO con 18% y 12.7% respectivamente.<\/p>\n<p style=\"text-align: justify;\"><a href=\"https:\/\/delphos.nu\/site\/wp-content\/uploads\/2016\/07\/Diapositiva2-2.jpg\" rel=\"attachment wp-att-1168\"><img loading=\"lazy\" decoding=\"async\" class=\"aligncenter size-full wp-image-1168\" src=\"https:\/\/delphos.nu\/site\/wp-content\/uploads\/2016\/07\/Diapositiva2-2.jpg\" alt=\"Diapositiva2\" width=\"960\" height=\"720\" \/><\/a><\/p>\n<p style=\"text-align: justify;\"><a href=\"https:\/\/delphos.nu\/site\/wp-content\/uploads\/2016\/07\/Diapositiva3-3.jpg\" rel=\"attachment wp-att-1169\"><img loading=\"lazy\" decoding=\"async\" class=\"aligncenter size-full wp-image-1169\" src=\"https:\/\/delphos.nu\/site\/wp-content\/uploads\/2016\/07\/Diapositiva3-3.jpg\" alt=\"Diapositiva3\" width=\"960\" height=\"720\" \/><\/a><\/p>\n<p style=\"text-align: justify;\">En cuanto a opini\u00f3n los n\u00fameros favorecen a las dos mujeres que figuran en la lista, la reci\u00e9n nombrada Secretaria Ana Lilia y Carolina Monroy, Secretaria General del PRI; y al tambi\u00e9n diputado local Carlos Iriarte, los tres con un empate que ronda el 70%, con distancia de apenas tres d\u00e9cimas. En el mismo sentido, en una confrontaci\u00f3n entre mujeres, con Carolina Monroy o Ana Lilia, al d\u00eda de hoy no afecta el apoyo que obtendr\u00eda el PRI si decidiera postular a cualquiera de las dos.<\/p>\n<p style=\"text-align: justify;\"><a href=\"https:\/\/delphos.nu\/site\/wp-content\/uploads\/2016\/07\/Diapositiva5-2.jpg\" rel=\"attachment wp-att-1171\"><img loading=\"lazy\" decoding=\"async\" class=\"aligncenter size-full wp-image-1171\" src=\"https:\/\/delphos.nu\/site\/wp-content\/uploads\/2016\/07\/Diapositiva5-2.jpg\" alt=\"Diapositiva5\" width=\"960\" height=\"720\" \/><\/a><\/p>\n<p style=\"text-align: justify;\">En una elecci\u00f3n interna las preferencias se inclinan hacia Alfredo del Mazo Maza y Carolina Monroy, ambos primos de Pe\u00f1a Nieto.<\/p>\n<p style=\"text-align: justify;\"><a href=\"https:\/\/delphos.nu\/site\/wp-content\/uploads\/2016\/07\/Diapositiva4-2.jpg\" rel=\"attachment wp-att-1170\"><img loading=\"lazy\" decoding=\"async\" class=\"aligncenter size-full wp-image-1170\" src=\"https:\/\/delphos.nu\/site\/wp-content\/uploads\/2016\/07\/Diapositiva4-2.jpg\" alt=\"Diapositiva4\" width=\"960\" height=\"720\" \/><\/a><\/p>\n<h2 style=\"text-align: center;\">El caso del PRD y el PAN<\/h2>\n<p style=\"text-align: justify;\">Despu\u00e9s de las elecciones del pasado cinco de junio, la definici\u00f3n de un posible candidato para ambos partidos depende de conformar o no una coalici\u00f3n a gobernador. En las elecciones de 2011 ambos partidos obtuvieron en conjunto 33% de la votaci\u00f3n, PRD 21% y el PAN 12%. Si bien es cierto que formar una coalici\u00f3n no significa la suma en autom\u00e1tico de los votos de ambos partidos, s\u00ed puede ser un indicador que sirva como referencia para decidir ir juntos o no.<\/p>\n<p style=\"text-align: justify;\">En lo individual el PRD tendr\u00eda que definir primero a su dirigencia nacional, que hasta hace poco ocup\u00f3 Agust\u00edn Basave, y despu\u00e9s procesar de la mejor manera las negociaciones para elegir candidato entre los mismos grupos que coexisten en su interior, las llamadas <em>tribus<\/em> por las que Basave encontr\u00f3 dif\u00edcil seguir al frente del partido.<a href=\"#_ftn1\" name=\"_ftnref1\">[5]<\/a><\/p>\n<p style=\"text-align: justify;\">Hasta antes de esto, la posici\u00f3n pol\u00edtica desde donde ser\u00eda m\u00e1s l\u00f3gico que surgiera un candidato es la coordinaci\u00f3n parlamentaria del PRD en el Congreso estatal. De acuerdo con lo anterior Juan Manuel Zepeda, conocido por el 30.7% de mexiquenses y con 75.9% de opini\u00f3n positiva, es qui\u00e9n ocupa actualmente este cargo, adem\u00e1s de haber sido el Presidente Municipal de Nezahualc\u00f3yotl, segundo municipio con la mayor lista nominal del estado despu\u00e9s de Ecatepec.<\/p>\n<p style=\"text-align: justify;\">Bajo la l\u00f3gica de la experiencia y peso electoral municipal, otro prospecto para abanderar al PRD en el estado ser\u00eda el actual Presidente del mismo municipio, Juan Hugo de la Rosa, con un posicionamiento en la entidad de 25.2% y opini\u00f3n positiva de 69.1%<\/p>\n<p style=\"text-align: justify;\"><a href=\"https:\/\/delphos.nu\/site\/wp-content\/uploads\/2016\/07\/Diapositiva6-2.jpg\" rel=\"attachment wp-att-1172\"><img loading=\"lazy\" decoding=\"async\" class=\"aligncenter size-full wp-image-1172\" src=\"https:\/\/delphos.nu\/site\/wp-content\/uploads\/2016\/07\/Diapositiva6-2.jpg\" alt=\"Diapositiva6\" width=\"960\" height=\"720\" \/><\/a><\/p>\n<p style=\"text-align: justify;\"><a href=\"https:\/\/delphos.nu\/site\/wp-content\/uploads\/2016\/07\/Diapositiva7-2.jpg\" rel=\"attachment wp-att-1173\"><img loading=\"lazy\" decoding=\"async\" class=\"aligncenter size-full wp-image-1173\" src=\"https:\/\/delphos.nu\/site\/wp-content\/uploads\/2016\/07\/Diapositiva7-2.jpg\" alt=\"Diapositiva7\" width=\"960\" height=\"720\" \/><\/a><\/p>\n<p style=\"text-align: justify;\">En unas elecciones internas entre estos dos pol\u00edticos, Juan Manuel Zepeda tiene una preferencia del 35.8% sobre Juan Hugo de la Rosa, 17.7%; Ambos tienen como desventaja el poco conocimiento que se tiene sobre ellos en el estado.<\/p>\n<p style=\"text-align: justify;\"><a href=\"https:\/\/delphos.nu\/site\/wp-content\/uploads\/2016\/07\/Diapositiva8-3.jpg\" rel=\"attachment wp-att-1174\"><img loading=\"lazy\" decoding=\"async\" class=\"aligncenter size-full wp-image-1174\" src=\"https:\/\/delphos.nu\/site\/wp-content\/uploads\/2016\/07\/Diapositiva8-3.jpg\" alt=\"Diapositiva8\" width=\"960\" height=\"720\" \/><\/a><\/p>\n<h2 style=\"text-align: center;\">El panismo en el estado, una tarea dif\u00edcil<\/h2>\n<p style=\"text-align: justify;\">La baraja de nombres en el PAN es un poco m\u00e1s ampl\u00eda, aunque poco conocida; no obstante, al igual que el PRD, el partido primero deber\u00e1 definir una posible alianza adem\u00e1s de resolver la renovaci\u00f3n de su dirigencia estatal para el pr\u00f3ximo 21 de agosto.<a href=\"#_ftn1\" name=\"_ftnref1\">[6]<\/a><\/p>\n<p style=\"text-align: justify;\">Fuera de la posibilidad de que este partido pueda abanderar una coalici\u00f3n con el PRD para la gubernatura, lo cierto es que entre sus perfiles destaca Josefina V\u00e1zquez Mota, excandidata presidencial quien es conocida por un 50.6% de mexiquenses y adem\u00e1s genera una opini\u00f3n favorable del 62.6%; le secunda el empresario Alejandro Mart\u00ed, quien se ha llegado a especular podr\u00eda aglutinar al PRD tambi\u00e9n. \u00c9l es conocido por un 32.2% del electorado mexiquense, con una opini\u00f3n favorable del 52.8%.<\/p>\n<p style=\"text-align: justify;\">En un tercer lugar se encuentra el Diputado Federal Ulises Ram\u00edrez, quien tambi\u00e9n ha sido Presidente Municipal de Tlalnepantla, el quinto municipio m\u00e1s grande en la lista nominal del estado. Ram\u00edrez cuenta con 18.6% de conocimiento entre los mexiquenses y opini\u00f3n positiva del 44.7%.<\/p>\n<p style=\"text-align: justify;\">En cuarto y quinto lugar de la medici\u00f3n Delphos en conocimiento se ubican los actuales Presidentes Municipales de Naucalpan de Ju\u00e1rez, Edgar Olvera Higuera, 15.7% en conocimiento; y de Huixquilucan, Enrique Vargas con 15.3%. Ambos con una opini\u00f3n favorable del 57.2% y 63.7% respectivamente. Naucalpan le sigue a Nezahualc\u00f3yotl en peso electoral, mientras que Huixquilucan se ubica en el lugar 19, de acuerdo a datos del Instituto Electoral del Estado de M\u00e9xico.<\/p>\n<p style=\"text-align: justify;\"><a href=\"https:\/\/delphos.nu\/site\/wp-content\/uploads\/2016\/07\/Diapositiva9-1.jpg\" rel=\"attachment wp-att-1175\"><img loading=\"lazy\" decoding=\"async\" class=\"aligncenter size-full wp-image-1175\" src=\"https:\/\/delphos.nu\/site\/wp-content\/uploads\/2016\/07\/Diapositiva9-1.jpg\" alt=\"Diapositiva9\" width=\"960\" height=\"720\" \/><\/a><\/p>\n<p style=\"text-align: justify;\"><a href=\"https:\/\/delphos.nu\/site\/wp-content\/uploads\/2016\/07\/Diapositiva10-1.jpg\" rel=\"attachment wp-att-1176\"><img loading=\"lazy\" decoding=\"async\" class=\"aligncenter size-full wp-image-1176\" src=\"https:\/\/delphos.nu\/site\/wp-content\/uploads\/2016\/07\/Diapositiva10-1.jpg\" alt=\"Diapositiva10\" width=\"960\" height=\"720\" \/><\/a><\/p>\n<p style=\"text-align: justify;\">En una elecci\u00f3n Interna, Josefina V\u00e1zquez Mota se alzar\u00eda con la victoria entre los competidores panistas ya mencionados con un 27.3%; le seguir\u00eda en un lejano segundo lugar Alejandro Mart\u00ed con 8.4%.<\/p>\n<p style=\"text-align: justify;\"><a href=\"https:\/\/delphos.nu\/site\/wp-content\/uploads\/2016\/07\/interna-pan-art\u00edculo-2-edo-M\u00e9x.jpg\" rel=\"attachment wp-att-1183\"><img loading=\"lazy\" decoding=\"async\" class=\"aligncenter size-full wp-image-1183\" src=\"https:\/\/delphos.nu\/site\/wp-content\/uploads\/2016\/07\/interna-pan-art\u00edculo-2-edo-M\u00e9x.jpg\" alt=\"interna pan art\u00edculo 2 edo M\u00e9x\" width=\"960\" height=\"720\" \/><\/a><\/p>\n<h2 style=\"text-align: center;\">La virtual candidata de MORENA<\/h2>\n<p style=\"text-align: justify;\">Pese a haber participado en las pasadas elecciones del 2015 para renovar el Congreso local y los Ayuntamientos, MORENA competir\u00e1 por primera vez en el Estado de M\u00e9xico para gobernador. La dirigencia estatal de este partido ha sostenido la negativa de conformar una alianza para competir en el 2017 ya sea con el PAN o el PRD.<a href=\"#_ftn1\" name=\"_ftnref1\">[7]<\/a><\/p>\n<p style=\"text-align: justify;\">Delfina G\u00f3mez \u00c1lvarez, expresidenta municipal de Texcoco, municipio 17 en lo que a peso electoral estatal se refiere, es la virtual candidata por ese partido. En un acto en la ciudad de Toluca el pasado 11 de julio, L\u00f3pez Obrador la nombr\u00f3 \u201cPromotora de la Soberan\u00eda Nacional en el Estado\u201d de cara a las elecciones del siguiente a\u00f1o, con lo que pr\u00e1cticamente se dej\u00f3 clara su candidatura.<a href=\"#_ftn2\" name=\"_ftnref2\">[8]<\/a><\/p>\n<p style=\"text-align: justify;\"><a href=\"https:\/\/delphos.nu\/site\/wp-content\/uploads\/2016\/07\/Diapositiva11-1.jpg\" rel=\"attachment wp-att-1177\"><img loading=\"lazy\" decoding=\"async\" class=\"aligncenter size-full wp-image-1177\" src=\"https:\/\/delphos.nu\/site\/wp-content\/uploads\/2016\/07\/Diapositiva11-1.jpg\" alt=\"Diapositiva11\" width=\"960\" height=\"720\" \/><\/a><\/p>\n<p style=\"text-align: justify;\">La tambi\u00e9n Diputada federal es conocida por un 15.4% en la entidad, con una opini\u00f3n positiva del 71.7%. Entre Yeidckol Polevnsky y Alejandro Encinas, ambos contendientes en las elecciones de 2005 y 2011 respectivamente, que en alg\u00fan momento se llegaron a manejar como posibles aspirantes, Encinas es el m\u00e1s conocido con 41%, mientras que Yeidckol lo es para un 25.9%. Ambos con m\u00e1rgenes de opiniones positivas de 50.4% y el 42.3% respectivamente.<\/p>\n<p style=\"text-align: justify;\"><a href=\"https:\/\/delphos.nu\/site\/wp-content\/uploads\/2016\/07\/Diapositiva12-1.jpg\" rel=\"attachment wp-att-1178\"><img loading=\"lazy\" decoding=\"async\" class=\"aligncenter size-full wp-image-1178\" src=\"https:\/\/delphos.nu\/site\/wp-content\/uploads\/2016\/07\/Diapositiva12-1.jpg\" alt=\"Diapositiva12\" width=\"960\" height=\"720\" \/><\/a><\/p>\n<h2 style=\"text-align: center;\">Una gobernadora<\/h2>\n<p style=\"text-align: justify;\">Con Delfina G\u00f3mez como abanderada para competir por la gubernatura las posibilidades para que los otros partidos postulen a mujeres ser\u00edan altas, sobre todo si se considera a Josefina V\u00e1zquez Mota como una posible contendiente en la entidad. En un escenario as\u00ed, es importante tener en cuenta que \u00fanicamente al 19.6% le gustar\u00eda que el siguiente gobernador fuera mujer.<\/p>\n<p style=\"text-align: justify;\"><a href=\"https:\/\/delphos.nu\/site\/wp-content\/uploads\/2016\/07\/Diapositiva13-1.jpg\" rel=\"attachment wp-att-1179\"><img loading=\"lazy\" decoding=\"async\" class=\"aligncenter size-full wp-image-1179\" src=\"https:\/\/delphos.nu\/site\/wp-content\/uploads\/2016\/07\/Diapositiva13-1.jpg\" alt=\"Diapositiva13\" width=\"960\" height=\"720\" \/><\/a><\/p>\n<p style=\"text-align: justify;\">En conclusi\u00f3n, el primer reto a enfrentar por todos los partidos ser\u00e1 sacar a un candidato con el menor desgaste posible. Para el PRI est\u00e1 claro que la designaci\u00f3n de gobernador atraviesa la sucesi\u00f3n presidencial m\u00e1s que en otros partidos, por ser Eruviel un aspirante al cargo. En el caso del PAN y del PRD la alianza ser\u00eda su mejor opci\u00f3n si atendemos a los n\u00fameros que han obtenido en las \u00faltimas elecciones. Pero antes que eso, primero deber\u00e1n resolver el tema de sus dirigencias, problema que el PRI, por el momento, acaba de sortear.<\/p>\n<p style=\"text-align: justify;\">A partir de ahora es a los l\u00edderes de partido a quienes toca el trabajo fino de elegir a los perfiles que les den los mejores resultados. Para ello, ser\u00e1 importante conocer y entender el humor social de los electores en cuanto emociones y pasiones, as\u00ed como sus expectativas respecto al futuro pol\u00edtico del estado. De esto daremos cuenta en la \u00faltima entrega de la primera encuesta electoral Delphos, de cara a la elecci\u00f3n a gobernador en el Estado de M\u00e9xico el pr\u00f3ximo viernes.<\/p>\n<h5 style=\"text-align: justify;\"><span style=\"text-decoration: underline;\"><span style=\"color: #993300; text-decoration: underline;\">diaz@delphos-nu.com<\/span><\/span><\/h5>\n<p style=\"text-align: justify;\"><a href=\"#_ftnref1\" name=\"_ftn1\">[1]<\/a> <a href=\"http:\/\/www.delphos.nu\/estado-de-mexico-ultima-parada-al-2018\/\">http:\/\/www.delphos.nu\/estado-de-mexico-ultima-parada-al-2018\/<\/a><\/p>\n<p style=\"text-align: left;\"><a href=\"#_ftnref1\" name=\"_ftn1\">[2]<\/a> <a href=\"http:\/\/expansion.mx\/nacional\/2011\/04\/01\/el-pri-rompe-la-linea-de-sucesion-del-llamado-grupo-atlacomulco-en-edomex\">http:\/\/expansion.mx\/nacional\/2011\/04\/01\/el-pri-rompe-la-linea-de-sucesion-del-llamado-grupo-atlacomulco-en-edomex<\/a><\/p>\n<p style=\"text-align: left;\"><a href=\"#_ftnref2\" name=\"_ftn2\">[3]<\/a> <a href=\"http:\/\/eleconomista.com.mx\/estados\/2011\/04\/04\/eruviel-iba-ser-candidato-alianza-pan-prd\">http:\/\/eleconomista.com.mx\/estados\/2011\/04\/04\/eruviel-iba-ser-candidato-alianza-pan-prd<\/a><\/p>\n<p><a href=\"#_ftnref3\" name=\"_ftn3\">[4]<\/a> <a href=\"http:\/\/www.eluniversal.com.mx\/articulo\/nacion\/politica\/2016\/07\/12\/con-ochoa-reza-el-pri-pierde-en-2018-advierte-ulises-ruiz\">http:\/\/www.eluniversal.com.mx\/articulo\/nacion\/politica\/2016\/07\/12\/con-ochoa-reza-el-pri-pierde-en-2018-advierte-ulises-ruiz<\/a><\/p>\n<p><a href=\"http:\/\/www.eluniversal.com.mx\/entrada-de-opinion\/articulo\/ivonne-ortega-pacheco\/nacion\/2016\/07\/12\/nueva-dirigencia-en-el-pri\">http:\/\/www.eluniversal.com.mx\/entrada-de-opinion\/articulo\/ivonne-ortega-pacheco\/nacion\/2016\/07\/12\/nueva-dirigencia-en-el-pri<\/a><\/p>\n<p><a href=\"#_ftnref1\" name=\"_ftn1\">[5]<\/a> <a href=\"http:\/\/www.eluniversal.com.mx\/entrada-de-opinion\/articulo\/agustin-basave\/nacion\/2016\/06\/20\/renuncia\">http:\/\/www.eluniversal.com.mx\/entrada-de-opinion\/articulo\/agustin-basave\/nacion\/2016\/06\/20\/renuncia<\/a><\/p>\n<p><a href=\"#_ftnref1\" name=\"_ftn1\">[6]<\/a> <a href=\"http:\/\/planamayor.com.mx\/tag\/pan-edomex\/\">http:\/\/planamayor.com.mx\/tag\/pan-edomex\/<\/a><\/p>\n<p><a href=\"#_ftnref1\" name=\"_ftn1\">[7]<\/a> <a href=\"http:\/\/www.excelsior.com.mx\/comunidad\/2016\/07\/12\/1104552\">http:\/\/www.excelsior.com.mx\/comunidad\/2016\/07\/12\/1104552<\/a><\/p>\n<p><a href=\"#_ftnref2\" name=\"_ftn2\">[8]<\/a> <a href=\"http:\/\/www.eluniversal.com.mx\/articulo\/nacion\/politica\/2016\/07\/11\/elecciones-en-edomex-prologo-de-2018-amlo\">http:\/\/www.eluniversal.com.mx\/articulo\/nacion\/politica\/2016\/07\/11\/elecciones-en-edomex-prologo-de-2018-amlo<\/a><\/p>\n<p>&nbsp;<\/p>\n<p style=\"text-align: left;\"><a href=\"#_ftnref1\" name=\"_ftn1\"><\/a><\/p>\n<p>&nbsp;<\/p>\n<p><a href=\"#_ftnref3\" name=\"_ftn3\"><\/a><\/p>\n<p>&nbsp;<\/p>\n","protected":false},"excerpt":{"rendered":"<p>Y en el Estado de M\u00e9xico la apuesta es por\u2026 En la entrega anterior se dio cuenta de algunos aspectos que envuelven la pr\u00f3xima elecci\u00f3n a gobernador del Estado de M\u00e9xico,[1] sobre todo tomando en cuenta el contexto de las pasadas elecciones a gobernador en los estados, as\u00ed como la aprobaci\u00f3n que en su estado [&hellip;]<\/p>\n","protected":false},"author":2,"featured_media":1168,"comment_status":"open","ping_status":"open","sticky":false,"template":"","format":"standard","meta":{"_gspb_post_css":"","footnotes":""},"categories":[34],"tags":[35,360,380,381,363,364,365,39,176,78,90,369,374,375,86,45,376,378,48,379],"class_list":["post-1167","post","type-post","status-publish","format-standard","has-post-thumbnail","hentry","category-encuestas","tag-amlo","tag-ana-lilia-herrera","tag-carlos-iriarte","tag-carrera-presidencial","tag-delfina-gomez","tag-edomex","tag-eleccion-estado-de-mexico-2017","tag-encuesta","tag-enrique-pena-nieto","tag-epn","tag-eruviel-avila","tag-grupo-atlacomulco","tag-jose-manzur","tag-josefina-vazquez-mota","tag-morena","tag-pan","tag-pan-prd","tag-prd-pan","tag-pri","tag-sucesion-presidencial"],"blocksy_meta":[],"_links":{"self":[{"href":"https:\/\/delphos.nu\/site\/wp-json\/wp\/v2\/posts\/1167","targetHints":{"allow":["GET"]}}],"collection":[{"href":"https:\/\/delphos.nu\/site\/wp-json\/wp\/v2\/posts"}],"about":[{"href":"https:\/\/delphos.nu\/site\/wp-json\/wp\/v2\/types\/post"}],"author":[{"embeddable":true,"href":"https:\/\/delphos.nu\/site\/wp-json\/wp\/v2\/users\/2"}],"replies":[{"embeddable":true,"href":"https:\/\/delphos.nu\/site\/wp-json\/wp\/v2\/comments?post=1167"}],"version-history":[{"count":0,"href":"https:\/\/delphos.nu\/site\/wp-json\/wp\/v2\/posts\/1167\/revisions"}],"wp:attachment":[{"href":"https:\/\/delphos.nu\/site\/wp-json\/wp\/v2\/media?parent=1167"}],"wp:term":[{"taxonomy":"category","embeddable":true,"href":"https:\/\/delphos.nu\/site\/wp-json\/wp\/v2\/categories?post=1167"},{"taxonomy":"post_tag","embeddable":true,"href":"https:\/\/delphos.nu\/site\/wp-json\/wp\/v2\/tags?post=1167"}],"curies":[{"name":"wp","href":"https:\/\/api.w.org\/{rel}","templated":true}]}}